[{"@context":"https:\/\/schema.org\/","@type":"Article","@id":"https:\/\/www.mipel.sk\/bezova-farba-ako-ju-kombinovat-s-inymi-farebnymi-kuskami-v-satniku\/#Article","mainEntityOfPage":"https:\/\/www.mipel.sk\/bezova-farba-ako-ju-kombinovat-s-inymi-farebnymi-kuskami-v-satniku\/","headline":"B\u00e9\u017eov\u00e1 farba \u2013 ako ju kombinova\u0165 s in\u00fdmi farebn\u00fdmi k\u00faskami v \u0161atn\u00edku?","name":"B\u00e9\u017eov\u00e1 farba \u2013 ako ju kombinova\u0165 s in\u00fdmi farebn\u00fdmi k\u00faskami v \u0161atn\u00edku?","description":"B\u00e9\u017eov\u00e1 je jemn\u00e1, bled\u00e1 a neutr\u00e1lna farba, ktorej n\u00e1zov poch\u00e1dza z franc\u00fazskeho slova beige. Niektor\u00ed \u013eudia ju pova\u017euj\u00fa za pr\u00edli\u0161 nezauj\u00edmav\u00fa, nudn\u00fa a oby\u010dajn\u00fa, preto\u017ee","datePublished":"2022-06-20","dateModified":"2023-05-28","author":{"@type":"Person","@id":"https:\/\/www.mipel.sk\/author\/#Person","name":"","url":"https:\/\/www.mipel.sk\/author\/","identifier":1,"image":{"@type":"ImageObject","@id":"https:\/\/secure.gravatar.com\/avatar\/4ae18345300f35922a2a7b2caa17564b68acab8514eff939a8a019efde378c24?s=96&d=mm&r=g","url":"https:\/\/secure.gravatar.com\/avatar\/4ae18345300f35922a2a7b2caa17564b68acab8514eff939a8a019efde378c24?s=96&d=mm&r=g","height":96,"width":96}},"publisher":{"@type":"Organization","name":"mipel.sk","logo":{"@type":"ImageObject","@id":"\/logo.png","url":"\/logo.png","width":600,"height":60}},"image":{"@type":"ImageObject","@id":"https:\/\/www.mipel.sk\/wp-content\/uploads\/b%C3%A9%C5%BEov%C3%A1%20mikina.jpg","url":"https:\/\/www.mipel.sk\/wp-content\/uploads\/b%C3%A9%C5%BEov%C3%A1%20mikina.jpg","height":0,"width":0},"url":"https:\/\/www.mipel.sk\/bezova-farba-ako-ju-kombinovat-s-inymi-farebnymi-kuskami-v-satniku\/","about":["Tovar"],"wordCount":418,"articleBody":"        B\u00e9\u017eov\u00e1 je jemn\u00e1, bled\u00e1 a neutr\u00e1lna farba, ktorej n\u00e1zov poch\u00e1dza z franc\u00fazskeho slova beige. Niektor\u00ed \u013eudia ju pova\u017euj\u00fa za pr\u00edli\u0161 nezauj\u00edmav\u00fa, nudn\u00fa a oby\u010dajn\u00fa, preto\u017ee nejde o pr\u00edli\u0161 v\u00fdrazn\u00fa farbu. Mnoh\u00ed ju v\u0161ak miluj\u00fa pr\u00e1ve pre jej jemnos\u0165 a nev\u00fdraznos\u0165, v\u010faka \u010domu sa d\u00e1 ve\u013emi dobre kombinova\u0165 aj s r\u00f4znymi in\u00fdmi farebn\u00fdmi odtie\u0148mi oble\u010denia. Vznik tejto farby je v\u00e4\u010d\u0161inou sp\u00e1jan\u00fd premie\u0161an\u00edm bielej a hnedej, av\u0161ak jej odtie\u0148 sa zv\u00e4\u010d\u0161a prikl\u00e1\u0148a sk\u00f4r k bled\u0161ej smotanovej \u010di kr\u00e9movej farbe. V\u00fdhodou b\u00e9\u017eovej je to, \u017ee je k nej mo\u017en\u00e9 kombinova\u0165 rovnako studen\u00e9, ako aj tepl\u00e9 farby. Sp\u00f4soben\u00e9 to je najm\u00e4 jej premenlivos\u0165ou, preto\u017ee pri kombin\u00e1ci\u00ed so studen\u00fdmi odtie\u0148mi bude p\u00f4sobi\u0165 chladnej\u0161ie, a naopak pri spojen\u00ed s teplej\u0161\u00edmi odtie\u0148mi bude vyzera\u0165 teplo. \u010dasto je pova\u017eovan\u00e1 aj za pr\u00edrodn\u00fa a zemit\u00fa farbu, preto\u017ee jej odtiene je mo\u017en\u00e9 pozorova\u0165 v\u0161ade v okolitej pr\u00edrode, ktor\u00e1 n\u00e1s obklopuje. B\u00e9\u017eov\u00e1 je vr\u00e1tane oble\u010denia ve\u013emi ob\u013e\u00faben\u00e1 aj ako dizajn\u00e9rska farba, a preto sa vyu\u017e\u00edva aj pri r\u00f4znych interi\u00e9rov\u00fdch \u010di exteri\u00e9rov\u00fdch doplnkoch.\u010co sa t\u00fdka psychol\u00f3gie farieb, drevit\u00e9 a zemit\u00e9 odtiene b\u00e9\u017eovej p\u00f4sobia upokojuj\u00faco, \u010disto a elegantne. Osoby, ktor\u00e9 nosia b\u00e9\u017eov\u00fa s\u00fa vyrovnan\u00e9, nerozhoduj\u00fa sa impulz\u00edvne, preferuj\u00fa pokoj a nerady vystrkuj\u00fa z davu \u010di strh\u00e1vaj\u00fa na seba zv\u00fd\u0161en\u00fa pozornos\u0165. B\u00e9\u017eov\u00fd odev spolo\u010dne s \u010diernymi \u010di bielymi k\u00faskami oble\u010denia bude p\u00f4sobi\u0165 \u0161t\u00fdlovo a elegantne. Napr\u00edklad m\u00f4\u017eete skombinova\u0165 b\u00e9\u017eov\u00fa mikinu https:\/\/bigstarjeans.sk\/zena\/damske-oblecenie\/damske-mikiny s \u010diernymi d\u017e\u00ednsami. Dobre sa bude dop\u013a\u0148a\u0165 i s modrou rif\u013eovinou, av\u0161ak pozor treba d\u00e1va\u0165 na kombinovanie s pr\u00edli\u0161 v\u00fdrazn\u00fdmi a najm\u00e4 krik\u013eav\u00fdmi odtie\u0148mi, s ktor\u00fdmi si a\u017e tak rozumie\u0165 nebude. Pekne m\u00f4\u017ee p\u00f4sobi\u0165 i v kombin\u00e1ci\u00ed s in\u00fdmi pr\u00edrodn\u00fdmi farbami, ako je bled\u0161ia \u010di tmav\u0161ia hned\u00e1 alebo zelen\u00e1. Ak sa v\u00e1m za\u017eiada trochu svoj b\u00e9\u017eov\u00fd outfit ozvl\u00e1\u0161tni\u0165, urobi\u0165 tak m\u00f4\u017eete v\u00fdraznej\u0161\u00edmi doplnkami. Napr\u00edklad b\u00e9\u017eov\u00e9 \u0161aty so zlat\u00fdmi \u0161perkami, zauj\u00edmav\u00fdm klob\u00fakom alebo opaskom ur\u010dite kr\u00e1sne vynikn\u00fa.                                                                                                                                                                                                                                                                                                                                                                                          3\/5 - (3 votes)        "},{"@context":"https:\/\/schema.org\/","@type":"BreadcrumbList","itemListElement":[{"@type":"ListItem","position":1,"name":"B\u00e9\u017eov\u00e1 farba \u2013 ako ju kombinova\u0165 s in\u00fdmi farebn\u00fdmi k\u00faskami v \u0161atn\u00edku?","item":"https:\/\/www.mipel.sk\/bezova-farba-ako-ju-kombinovat-s-inymi-farebnymi-kuskami-v-satniku\/#breadcrumbitem"}]}]